{"id":57,"date":"2021-04-30T09:49:00","date_gmt":"2021-04-30T07:49:00","guid":{"rendered":"http:\/\/www.laicites.fr\/?p=57"},"modified":"2021-05-14T10:49:24","modified_gmt":"2021-05-14T08:49:24","slug":"pourquoi-laic-laicites","status":"publish","type":"post","link":"http:\/\/www.laicites.fr\/index.php\/2021\/04\/30\/pourquoi-laic-laicites\/","title":{"rendered":"LAIC-La\u00efcit\u00e9(s) ?"},"content":{"rendered":"\n<p>Le groupe ou r\u00e9seau LAIC-La\u00efcit\u00e9(s) est un acronyme signifiant : <\/p>\n\n\n\n<h2 class=\"has-text-align-center has-vivid-red-color has-text-color wp-block-heading\">Laboratoire d&rsquo;Analyse(s) Ind\u00e9pendant <br>sur les Cultes et la ou les La\u00efcit\u00e9(s). <\/h2>\n\n\n\n<p>Il s&rsquo;agit d&rsquo;un groupe, pour l&rsquo;heure informel, de travail, que nous vous&nbsp;invitons &#8211; si vous le d\u00e9sirez &#8211; \u00e0 rejoindre. Le&nbsp;<strong>L<\/strong>aboratoire d\u2019<strong>A<\/strong>nalyse(s)&nbsp;<strong>I<\/strong>nd\u00e9pendant sur les&nbsp;<strong>C<\/strong>ultes \u2013&nbsp;<strong>La\u00efcit\u00e9(s)<\/strong> est en effet institu\u00e9 dans le but de regrouper notamment universitaires, chercheurs, enseignants-chercheurs mais aussi citoyens int\u00e9ress\u00e9s (au prisme du droit mais pas uniquement) par les questions relatives \u00e0 la la\u00efcit\u00e9, afin de confronter nos diff\u00e9rentes conceptions, et applications, dans une perspective de r\u00e9flexion acad\u00e9mique, et en aucun cas politique.<\/p>\n\n\n\n<p>En tant que <strong>LABORATOIRE<\/strong>, le LAIC cherche \u00e0 proposer, \u00e9tudier, analyser, le ph\u00e9nom\u00e8ne la\u00efque. Il est un lieu d&rsquo;\u00e9tudes mais aussi de confrontations, d&rsquo;\u00e9changes et d&rsquo;apprentissages. <\/p>\n\n\n\n<p>Les <strong>ANALYSES<\/strong> qu&rsquo;il met en avant ne sont pas les siennes mais celles de ses membres ou celles qui sont connues de lui et qu&rsquo;il entend analyser, confronter, critiquer au besoin. <\/p>\n\n\n\n<p><strong>INDEPENDANT<\/strong>, le LAIC ne rel\u00e8ve financi\u00e8rement et institutionnellement d&rsquo;aucune personne morale sous la coupe de laquelle ou desquelles il serait plac\u00e9 mais encore il n&rsquo;entend d\u00e9fendre ou revendiquer aucune vision politique, religieuse, philosophique ou syndicale donn\u00e9e. Epris de transparence, <a href=\"http:\/\/www.laicites.fr\/index.php\/nos-membres\/\" data-type=\"page\" data-id=\"22\">la liste de ses soutiens tant individuels qu&rsquo;institutionnels est connue et publique<\/a>.<\/p>\n\n\n\n<p>En ayant pour objet l<strong>es Cultes et la ou les la\u00efcit\u00e9(s)<\/strong>, le LAIC affirme son attachement \u00e0 <a href=\"http:\/\/www.l-epitoge.com\/2020\/03\/24\/dictionnaire-amoureux-du-clud\/\">l&rsquo;usage du \u00ab\u00a0s\u00a0\u00bb ou (s) inclusif (et parfois dit <em>cludien<\/em>)<\/a> qui est, selon les propos du dr. Gelblat \u00ab\u00a0une technique r\u00e9dactionnelle \u00a0\u00bb pr\u00e9sentant l&rsquo;avantage \u00ab\u00a0de laisser ouverte la question de l\u2019unit\u00e9 ou de la pluralit\u00e9 d\u2019une notion, d\u2019un r\u00e9gime juridique, d\u2019une branche du Droit ou du Droit dans son ensemble\u00a0\u00bb. Ainsi, le LAIC ne promeut-ils pas une vision donn\u00e9e de la La\u00efcit\u00e9 mais entend et prend acte de ce qu&rsquo;il en existe plusieurs et qu&rsquo;il vaut mieux acter cette pluralit\u00e9 pour s&rsquo;entendre. <\/p>\n\n\n\n<p class=\"has-vivid-red-color has-text-color\"><strong>Au 03 mai 2021, jour de la premi\u00e8re mise en ligne du pr\u00e9sent site internet : <\/strong><\/p>\n\n\n\n<ul class=\"wp-block-list\"><li>le LAIC-La\u00efcit\u00e9(s) est d\u00e9nu\u00e9 de personnalit\u00e9 morale ; <br><\/li><li>le LAIC rassemble et r\u00e9unit des <strong><a href=\"http:\/\/www.laicites.fr\/index.php\/nos-membres\/\" data-type=\"page\" data-id=\"22\">membres<\/a><\/strong> notamment universitaires, chercheurs, enseignants-chercheurs mais aussi citoyens int\u00e9ress\u00e9s (au prisme du droit mais pas uniquement) par les questions relatives \u00e0 la la\u00efcit\u00e9. S&rsquo;il est fond\u00e9 \u00e0 l&rsquo;initiative de deux juristes de droit public, il n&rsquo;entend en rien ne discuter qu&rsquo;avec des ou entre publicistes ! La La\u00efcit\u00e9 doit s&rsquo;entendre sous toutes ses facettes et objets d&rsquo;analyse(s) &amp; de recherche(s) ; <br><\/li><li><strong>Il n&rsquo;entend pas promouvoir une vision de la La\u00efcit\u00e9 mais bien &#8211; dans un premier temps au moins &#8211; r\u00e9fl\u00e9chir, \u00e9changer, partager et animer des recherches avec toutes celles et tous ceux d\u00e9sirant suivre la m\u00eame envie et ce, quelle que soit leur vision doctrinale du ph\u00e9nom\u00e8ne la\u00efque<\/strong> ; <br><\/li><li>Pour se faire, la LAIC s&rsquo;engage \u00e0 mat\u00e9rialiser plusieurs actions publiques telles que : <br><ul><li>la mise en ligne pour toutes et tous d&rsquo;un <strong><a href=\"http:\/\/www.laicites.fr\/index.php\/reliquaire-normatif\/\" data-type=\"page\" data-id=\"31\">ensemble de normes<\/a><\/strong> (constitutionnelles, l\u00e9gislatives et r\u00e9glementaires) en vigueur ou l&rsquo;ayant \u00e9t\u00e9 en France en mati\u00e8re de La\u00efcit\u00e9(s) ; ce \u00ab\u00a0reliquaire normatif\u00a0\u00bb comme se sont amus\u00e9s ses fondateurs \u00e0 le nommer n&rsquo;entend pas se moquer des religions pratiquant l&rsquo;usage des reliques mais compte rappeler que la La\u00efcit\u00e9, en France, a \u00e9t\u00e9 proclam\u00e9e contextuellement au regard de ces m\u00eames religions. Par ailleurs, certaines des normes n&rsquo;\u00e9tant plus en vigueur et parfois m\u00eame quasiment \u00ab\u00a0sacralis\u00e9es\u00a0\u00bb par d&rsquo;aucunes et par d&rsquo;aucuns, il est apparu symbolique d&rsquo;offrir cette connotation non seulement religieuse mais \u00e9galement historique. En outre, ce \u00ab\u00a0reliquaire\u00a0\u00bb mais aussi en avant des actes non directement normatifs mais singuli\u00e8rement importants (tant quantitativement que qualitativement) en mati\u00e8re d&rsquo;\u00e9crits la\u00efques produits par des institutions administratives et \/ ou politiques : les actes para r\u00e9glementaires \u00e0 l&rsquo;instar des circulaires, directives, notes de service(s) et autres lignes directrices ; <br><\/li><li>la constitution parall\u00e8le au <strong><a href=\"http:\/\/www.laicites.fr\/index.php\/reliquaire-normatif\/\" data-type=\"page\" data-id=\"31\">reliquaire normatif<\/a><\/strong> d&rsquo;un <strong><a href=\"http:\/\/www.laicites.fr\/index.php\/breviaire-pretorien-laique\/\" data-type=\"page\" data-id=\"62\">recueil de d\u00e9cisions juridictionnelles<\/a><\/strong> (qualifi\u00e9 de br\u00e9viaire pr\u00e9torien) touchant aux questions de La\u00efcit\u00e9(s) et ce, au travers des r\u00f4les des juridictions nationales (constitutionnelle, administratives, judiciaires &amp; des conflits) mais aussi internationales voire de droits \u00e9trangers. Constatant que de tr\u00e8s nombreuses questions en mati\u00e8re de la\u00efcit\u00e9(s) se r\u00e9solvent dans et par les tribunaux, il \u00e9tait opportun parall\u00e8lement aux normes plus \u00ab\u00a0classiques\u00a0\u00bb d&rsquo;\u00e9tablir cet autre recueil normatif sp\u00e9cialement juridictionnel. C&rsquo;est pour les m\u00eames raisons que celles ayant conduit a adopter le qualificatif de reliquaire que celui de \u00ab\u00a0br\u00e9viaire\u00a0\u00bb a ici \u00e9t\u00e9 choisi ; <br><\/li><li>Par ailleurs, et <a href=\"http:\/\/www.journal-du-droit-administratif.fr\/\">en partenariat \u00e9troit avec le <\/a><strong><a href=\"http:\/\/www.journal-du-droit-administratif.fr\/\">Journal du Droit Administratif<\/a>,<\/strong> tous les mois, en moyenne, <strong><a href=\"http:\/\/www.laicites.fr\/index.php\/la-decision-laique-du-mois\/\" data-type=\"page\" data-id=\"171\">le LAIC-La\u00efcit\u00e9(s) compte mettre en ligne et en avant au moins une d\u00e9cision juridictionnelle d\u2019actualit\u00e9 ou dont on c\u00e9l\u00e8brera \u00ab&nbsp;l\u2019anniversaire&nbsp;\u00bb <\/a><\/strong>; l\u2019ensemble de ces d\u00e9cisions aura alors vocation \u00e0 rejoindre le <a href=\"http:\/\/www.laicites.fr\/index.php\/breviaire-pretorien-laique\/\" data-type=\"page\" data-id=\"62\">recueil pr\u00e9torien <\/a>pr\u00e9cit\u00e9.<br><\/li><li>A moyen terme (09 d\u00e9cembre 2021), la <strong><a href=\"http:\/\/www.laicites.fr\/index.php\/laicites\/\" data-type=\"page\" data-id=\"38\">s\u00e9lection de plusieurs dizaines de d\u00e9finitions du mot \u00ab\u00a0La\u00efcit\u00e9\u00a0\u00bb<\/a><\/strong> ; <br><\/li><li>la recension de plusieurs <strong><a href=\"http:\/\/www.laicites.fr\/index.php\/actualites\/\" data-type=\"page\" data-id=\"35\">\u00e9v\u00e9nements d&rsquo;actualit\u00e9(s)<\/a><\/strong> en mati\u00e8re la\u00efque ; normes, actes, colloques, publications, etc. ; <br><\/li><li>A moyens termes, le LAIC envisage aussi d&rsquo;organiser des s\u00e9minaires de travail et d&rsquo;\u00e9changes, des colloques, des publications. <\/li><\/ul><\/li><\/ul>\n\n\n\n<ul class=\"wp-block-list\"><li>Le LAIC entend \u00e9galement promouvoir des actions plus \u00ab\u00a0priv\u00e9es\u00a0\u00bb (c&rsquo;est-\u00e0-dire r\u00e9serv\u00e9es \u00e0 ses membres) et telles que : <br><ul><li>la constitution d&rsquo;une <strong><a href=\"http:\/\/www.laicites.fr\/index.php\/catechisme-doctrinal\/\" data-type=\"page\" data-id=\"33\">biblioth\u00e8que doctrinale uniquement accessible \u00e0 ses membres<\/a><\/strong> et qui entend r\u00e9unir (sans en promouvoir un plus qu&rsquo;un autre) en un m\u00eame lieu des \u00e9crits doctrinaux en mati\u00e8re de La\u00efcit\u00e9(s) qu&rsquo;il s&rsquo;agisse d&rsquo;incontournables \u00ab\u00a0classiques\u00a0\u00bb ou d&rsquo;\u00e9tudes plus r\u00e9centes. Ici encore, l&#8217;emploi d&rsquo;un substantif religieusement connot\u00e9 a \u00e9t\u00e9 propos\u00e9 afin de faire r\u00e9f\u00e9rence \u00e0 l&rsquo;une des premi\u00e8res pratiques de la la\u00efcit\u00e9 fran\u00e7aise. En effet, de 1791 \u00e0 1793 paraissent en France plusieurs \u00ab\u00a0cat\u00e9chismes\u00a0\u00bb r\u00e9publicain (pour de la Chabeaussi\u00e8re) ou encore citoyen (pour Saige) afin de bien \u00e9tablir l&rsquo;id\u00e9e de points de vue aussi importants, au nom de la R\u00e9publique, que les cat\u00e9chismes religieux pr\u00e9c\u00e9dents ; <\/li><li>l&rsquo;installation de s\u00e9minaires de travail ; <\/li><li>la possibilit\u00e9 de commenter entre les membres inscrits toutes les d\u00e9cisions et publications du site. <\/li><\/ul><\/li><\/ul>\n\n\n\n<p class=\"has-text-align-right\">Aussi, si vous aviez des questions sur le LAIC-La\u00efcit\u00e9(s) <br>ou encore si vous h\u00e9sitez \u00e0 nous rejoindre, n&rsquo;h\u00e9sitez pas \u00e0 nous contacter par l&rsquo;adresse d\u00e9di\u00e9e : <br><strong><a href=\"mailto:laic.laicites@gmail.com\">laic.laicites@gmail.com<\/a><\/strong><\/p>\n\n\n\n<p class=\"has-text-align-right\"><strong>Drs. Mathieu Touzeil-Divina<\/strong> <br><strong>&amp; Cl\u00e9ment Benelbaz<\/strong><br><em>Enseignants-chercheurs de droit public aux Universit\u00e9s Toulouse 1 Capitole &amp; Savoie-Mont-Blanc, <\/em><br><em>Membres du Collectif L&rsquo;Unit\u00e9 du Droit &amp; du Journal du Droit Administratif.<\/em><\/p>\n","protected":false},"excerpt":{"rendered":"<p>Le groupe ou r\u00e9seau LAIC-La\u00efcit\u00e9(s) est un acronyme signifiant : Laboratoire d&rsquo;Analyse(s) Ind\u00e9pendant sur les Cultes et la ou les La\u00efcit\u00e9(s). Il s&rsquo;agit d&rsquo;un groupe, pour l&rsquo;heure informel, de travail, que nous vous&nbsp;invitons &#8211; si vous le d\u00e9sirez &#8211; \u00e0 rejoindre. Le&nbsp;Laboratoire d\u2019Analyse(s)&nbsp;Ind\u00e9pendant sur les&nbsp;Cultes \u2013&nbsp;La\u00efcit\u00e9(s) est en effet institu\u00e9 dans le but de regrouper &hellip; <\/p>\n<p class=\"link-more\"><a href=\"http:\/\/www.laicites.fr\/index.php\/2021\/04\/30\/pourquoi-laic-laicites\/\" class=\"more-link\">Read More<span class=\"screen-reader-text\"> \u00ab\u00a0LAIC-La\u00efcit\u00e9(s) ?\u00a0\u00bb<\/span><\/a><\/p>\n","protected":false},"author":2,"featured_media":261,"comment_status":"open","ping_status":"open","sticky":false,"template":"","format":"standard","meta":{"footnotes":""},"categories":[1],"tags":[],"class_list":["post-57","post","type-post","status-publish","format-standard","has-post-thumbnail","hentry","category-en-avant"],"_links":{"self":[{"href":"http:\/\/www.laicites.fr\/index.php\/wp-json\/wp\/v2\/posts\/57","targetHints":{"allow":["GET"]}}],"collection":[{"href":"http:\/\/www.laicites.fr\/index.php\/wp-json\/wp\/v2\/posts"}],"about":[{"href":"http:\/\/www.laicites.fr\/index.php\/wp-json\/wp\/v2\/types\/post"}],"author":[{"embeddable":true,"href":"http:\/\/www.laicites.fr\/index.php\/wp-json\/wp\/v2\/users\/2"}],"replies":[{"embeddable":true,"href":"http:\/\/www.laicites.fr\/index.php\/wp-json\/wp\/v2\/comments?post=57"}],"version-history":[{"count":18,"href":"http:\/\/www.laicites.fr\/index.php\/wp-json\/wp\/v2\/posts\/57\/revisions"}],"predecessor-version":[{"id":218,"href":"http:\/\/www.laicites.fr\/index.php\/wp-json\/wp\/v2\/posts\/57\/revisions\/218"}],"wp:featuredmedia":[{"embeddable":true,"href":"http:\/\/www.laicites.fr\/index.php\/wp-json\/wp\/v2\/media\/261"}],"wp:attachment":[{"href":"http:\/\/www.laicites.fr\/index.php\/wp-json\/wp\/v2\/media?parent=57"}],"wp:term":[{"taxonomy":"category","embeddable":true,"href":"http:\/\/www.laicites.fr\/index.php\/wp-json\/wp\/v2\/categories?post=57"},{"taxonomy":"post_tag","embeddable":true,"href":"http:\/\/www.laicites.fr\/index.php\/wp-json\/wp\/v2\/tags?post=57"}],"curies":[{"name":"wp","href":"https:\/\/api.w.org\/{rel}","templated":true}]}}