{"id":563,"date":"2021-06-09T06:23:00","date_gmt":"2021-06-09T04:23:00","guid":{"rendered":"http:\/\/www.laicites.fr\/?p=563"},"modified":"2021-06-09T08:29:08","modified_gmt":"2021-06-09T07:29:08","slug":"2e-chronique-juin-2021","status":"publish","type":"post","link":"http:\/\/www.laicites.fr\/index.php\/2021\/06\/09\/2e-chronique-juin-2021\/","title":{"rendered":"2e chronique (juin 2021)"},"content":{"rendered":"\n<p>Le <strong><a href=\"http:\/\/www.journal-du-droit-administratif.fr\/\">Journal du Droit Administratif, fond\u00e9 en 1853 \u00e0 Toulouse puis refond\u00e9 en ligne en 2015<\/a><\/strong>, propose, en partenariat avec le <strong><a href=\"http:\/\/www.laicites.fr\/\">Laboratoire d&rsquo;Analyse(s) Ind\u00e9pendant sur les Cultes (LAIC) &#8211; La\u00efcit\u00e9(s)<\/a><\/strong>, une <strong><a href=\"http:\/\/www.journal-du-droit-administratif.fr\/?p=3643\">nouvelle chronique r\u00e9guli\u00e8re<\/a><\/strong> (\u00e0 vocation mensuelle) plac\u00e9e sous la direction commune des drs. et enseignants-chercheurs Cl\u00e9ment Benelbaz &amp; Mathieu Touzeil-Divina. <\/p>\n\n\n\n<p class=\"has-vivid-purple-color has-text-color\"><strong>Cette chronique proposera <em>a minima <\/em>et ce, tous les mois ou deux mois : <\/strong><\/p>\n\n\n\n<ul class=\"wp-block-list\"><li><strong>la mise en avant d&rsquo;une jurisprudence<\/strong> (administrative, constitutionnelle, judiciaire ou internationale ou \u00e9trang\u00e8re) en mati\u00e8re de la\u00efcit\u00e9 ; <ul><li>soit parce qu&rsquo;elle t\u00e9moigne d&rsquo;une actualit\u00e9 r\u00e9cente ; <\/li><li>soit parce que l&rsquo;on en c\u00e9l\u00e8bre l&rsquo;anniversaire. <\/li><\/ul><\/li><li>L&rsquo;objectif est alors de nourrir le catalogue (dit <strong><a href=\"http:\/\/www.laicites.fr\/index.php\/breviaire-pretorien-laique\/\" data-type=\"page\" data-id=\"62\">br\u00e9viaire pr\u00e9torien<\/a><\/strong>) la\u00efque des d\u00e9cisions r\u00e9unies sur le sujet tout en offrant quelques \u00e9l\u00e9ments de contextualisation \/ commentaire. <\/li><li>En outre, la chronique pourra y ajouter &amp; int\u00e9grer : <ul><li>des commentaires et\/ou des propositions doctrinaux : <\/li><li>des \u00e9l\u00e9ments d&rsquo;actualit\u00e9(s) ; <\/li><li>des iconographies d\u00e9taill\u00e9es (toujours avec pour th\u00e8me la la\u00efcit\u00e9) ; <\/li><li>des comptes-rendus, etc. <\/li><\/ul><\/li><\/ul>\n\n\n\n<div class=\"wp-block-image is-style-rounded\"><figure class=\"aligncenter size-large is-resized\"><img loading=\"lazy\" decoding=\"async\" src=\"http:\/\/www.laicites.fr\/wp-content\/uploads\/2021\/04\/500700MTD01.jpg\" alt=\"\" class=\"wp-image-263\" width=\"290\" height=\"406\" srcset=\"http:\/\/www.laicites.fr\/wp-content\/uploads\/2021\/04\/500700MTD01.jpg 500w, http:\/\/www.laicites.fr\/wp-content\/uploads\/2021\/04\/500700MTD01-214x300.jpg 214w, http:\/\/www.laicites.fr\/wp-content\/uploads\/2021\/04\/500700MTD01-43x60.jpg 43w\" sizes=\"auto, (max-width: 290px) 100vw, 290px\" \/><figcaption>par Mathieu TOUZEIL-DIVINA, professeur de droit public \u00e0 l\u2019Universit\u00e9 Toulouse 1 Capitole, membre du Collectif L\u2019Unit\u00e9 du Droit, membre du LAIC-La\u00efcit\u00e9(s) [photo UT1 \u00a9]<\/figcaption><\/figure><\/div>\n\n\n\n<p class=\"has-vivid-purple-color has-text-color\"><strong>Pour la 2e chronique (r\u00e9dig\u00e9e par le pr. Touzeil-Divina) en date du 10 juin 2021, le JDA &amp; le LAIC-La\u00efict\u00e9(s) vous proposent :  <\/strong><\/p>\n\n\n\n<ul class=\"wp-block-list\"><li>la mise en avant d&rsquo;une jurisprudence \u00ab\u00a0anniversaire\u00a0\u00bb en ce 10 juin : <ul><li>CE, [req. 45681] 10 juin 1921, <strong><em>Commune de Mons\u00e9gur<\/em><\/strong> ; (travaux publics d\u2019utilit\u00e9 g\u00e9n\u00e9rale dans une \u00e9glise communale) ; <a href=\"http:\/\/www.laicites.fr\/J\/J-1921-CE-45681.pdf\">[J-1921-CE-45681]<\/a> ;<\/li><\/ul><\/li><\/ul>\n\n\n\n<p>On y a ajout\u00e9 &#8211; toujours concernant une \u00e9glise et sa gestion communale &#8211; : <\/p>\n\n\n\n<ul class=\"wp-block-list\"><li>une d\u00e9cision d&rsquo;actualit\u00e9 : TA de Ch\u00e2lons-en-Champagne [req. 2000329 &amp; 2000330] 16 f\u00e9vrier 2021, <strong><em>Commune de S\u00e9zanne<\/em><\/strong> (d\u00e9pense communale contraire au principe de La\u00efcit\u00e9)\u00a0; <a href=\"http:\/\/www.laicites.fr\/J\/J-2021-TA-CHALONS-2000329.pdf\">[J-2021-TA-CHALONS-2000329]<\/a>\u00a0; <a href=\"http:\/\/www.laicites.fr\/index.php\/2021\/06\/09\/enfin-un-juge-au-chevet-de-la-laicite-ca-chauffe-ou-ca-a-failli-chauffe-dans-leglise-communale-de-sezanne\/\" data-type=\"post\" data-id=\"581\">avec un <strong>commentaire du Pr. Touzeil-Divina <\/strong>; <\/a><\/li><\/ul>\n\n\n\n<p>Par ailleurs, l&rsquo;actualit\u00e9 &#8211; toujours riche en mati\u00e8re de La\u00efcit\u00e9 &#8211; nous permet de signaler le mois pr\u00e9c\u00e9dent (mai 2021) : <\/p>\n\n\n\n<ul class=\"wp-block-list\"><li>la publication du <strong><a href=\"http:\/\/www.laicites.fr\/index.php\/2021\/05\/24\/nouveau-rapport-sur-la-formation-au-principe-de-laicite-des-agents-publics\/\" data-type=\"post\" data-id=\"551\">rapport dit Bensard \/ de Mecquenem (sur la formation au principe de la\u00efcit\u00e9 des agents publics) dont le LAIC-La\u00efcit\u00e9(s) a rendu compte d\u00e8s sa mise en ligne sur son site<\/a><\/strong> ; <\/li><li>ainsi qu&rsquo;une \u00e9ni\u00e8me <strong><a href=\"http:\/\/www.laicites.fr\/index.php\/2021\/06\/09\/enieme-polemique-a-peine-voilee\/\" data-type=\"post\" data-id=\"567\">pol\u00e9mique relative au port de signe religieux dans l&rsquo;espace et (en l\u2019occurrence) dans la campagne publics<\/a><\/strong> et ce, \u00e0 la suite de la diffusion d&rsquo;une affiche de campagne \u00e9lectorale faisant appara\u00eetre une candidate aux \u00e9lections d\u00e9partementales rev\u00eatue d&rsquo;un voile islamique ; <\/li><\/ul>\n\n\n\n<p>Les \u00e9l\u00e9ments doctrinaux de la chronique (commentaires, observations, propositions, compte-rendus, etc. ) sont publi\u00e9s parall\u00e8lement sur les deux sites partenaires. <\/p>\n","protected":false},"excerpt":{"rendered":"<p>Le Journal du Droit Administratif, fond\u00e9 en 1853 \u00e0 Toulouse puis refond\u00e9 en ligne en 2015, propose, en partenariat avec le Laboratoire d&rsquo;Analyse(s) Ind\u00e9pendant sur les Cultes (LAIC) &#8211; La\u00efcit\u00e9(s), une nouvelle chronique r\u00e9guli\u00e8re (\u00e0 vocation mensuelle) plac\u00e9e sous la direction commune des drs. et enseignants-chercheurs Cl\u00e9ment Benelbaz &amp; Mathieu Touzeil-Divina. Cette chronique proposera a &hellip; <\/p>\n<p class=\"link-more\"><a href=\"http:\/\/www.laicites.fr\/index.php\/2021\/06\/09\/2e-chronique-juin-2021\/\" class=\"more-link\">Read More<span class=\"screen-reader-text\"> \u00ab\u00a02e chronique (juin 2021)\u00a0\u00bb<\/span><\/a><\/p>\n","protected":false},"author":2,"featured_media":465,"comment_status":"open","ping_status":"open","sticky":false,"template":"","format":"standard","meta":{"footnotes":""},"categories":[36,1],"tags":[],"class_list":["post-563","post","type-post","status-publish","format-standard","has-post-thumbnail","hentry","category-chronique-jda","category-en-avant"],"_links":{"self":[{"href":"http:\/\/www.laicites.fr\/index.php\/wp-json\/wp\/v2\/posts\/563","targetHints":{"allow":["GET"]}}],"collection":[{"href":"http:\/\/www.laicites.fr\/index.php\/wp-json\/wp\/v2\/posts"}],"about":[{"href":"http:\/\/www.laicites.fr\/index.php\/wp-json\/wp\/v2\/types\/post"}],"author":[{"embeddable":true,"href":"http:\/\/www.laicites.fr\/index.php\/wp-json\/wp\/v2\/users\/2"}],"replies":[{"embeddable":true,"href":"http:\/\/www.laicites.fr\/index.php\/wp-json\/wp\/v2\/comments?post=563"}],"version-history":[{"count":5,"href":"http:\/\/www.laicites.fr\/index.php\/wp-json\/wp\/v2\/posts\/563\/revisions"}],"predecessor-version":[{"id":584,"href":"http:\/\/www.laicites.fr\/index.php\/wp-json\/wp\/v2\/posts\/563\/revisions\/584"}],"wp:featuredmedia":[{"embeddable":true,"href":"http:\/\/www.laicites.fr\/index.php\/wp-json\/wp\/v2\/media\/465"}],"wp:attachment":[{"href":"http:\/\/www.laicites.fr\/index.php\/wp-json\/wp\/v2\/media?parent=563"}],"wp:term":[{"taxonomy":"category","embeddable":true,"href":"http:\/\/www.laicites.fr\/index.php\/wp-json\/wp\/v2\/categories?post=563"},{"taxonomy":"post_tag","embeddable":true,"href":"http:\/\/www.laicites.fr\/index.php\/wp-json\/wp\/v2\/tags?post=563"}],"curies":[{"name":"wp","href":"https:\/\/api.w.org\/{rel}","templated":true}]}}