{"id":500,"date":"2021-04-05T13:55:00","date_gmt":"2021-04-05T11:55:00","guid":{"rendered":"http:\/\/www.laicites.fr\/?p=500"},"modified":"2021-05-05T14:05:04","modified_gmt":"2021-05-05T12:05:04","slug":"laicite-lune-des-definitions-de-nos-membres-2","status":"publish","type":"post","link":"http:\/\/www.laicites.fr\/index.php\/2021\/04\/05\/laicite-lune-des-definitions-de-nos-membres-2\/","title":{"rendered":"La\u00efcit\u00e9 ? L&rsquo;une des d\u00e9finitions de nos membres"},"content":{"rendered":"\n<p>Nous reproduisons ici, avec son autorisation, la r\u00e9ponse \u00e0 la question \u00ab\u00a0Qu&rsquo;est-ce que la la\u00efcit\u00e9 ?\u00a0\u00bb selon l&rsquo;un des membres du LAIC. <\/p>\n\n\n\n<h3 class=\"has-vivid-red-color has-text-color wp-block-heading\">Cette d\u00e9finition est subjective et personnelle ;  propre \u00e0 son auteur. <br>Elle n&rsquo;engage en rien le LAIC-La\u00efcit\u00e9(s).<\/h3>\n\n\n\n<div class=\"wp-block-image\"><figure class=\"aligncenter size-large is-resized\"><img loading=\"lazy\" decoding=\"async\" src=\"http:\/\/www.laicites.fr\/wp-content\/uploads\/2021\/05\/50070HM01.jpg\" alt=\"\" class=\"wp-image-505\" width=\"390\" height=\"546\" srcset=\"http:\/\/www.laicites.fr\/wp-content\/uploads\/2021\/05\/50070HM01.jpg 500w, http:\/\/www.laicites.fr\/wp-content\/uploads\/2021\/05\/50070HM01-214x300.jpg 214w, http:\/\/www.laicites.fr\/wp-content\/uploads\/2021\/05\/50070HM01-43x60.jpg 43w\" sizes=\"auto, (max-width: 390px) 100vw, 390px\" \/><figcaption>par <strong>Hiam MOUANNES<\/strong>, Ma\u00eetre de Conf\u00e9rences de Droit public, HDR, Institut Maurice Hauriou, Ancienne Vice-pr\u00e9sidente de l&rsquo;Universit\u00e9 Toulouse 1 Capitole<\/figcaption><\/figure><\/div>\n\n\n\n<p>Juridiquement, la la\u00efcit\u00e9 est un principe assez limpide&nbsp;renvoyant \u00e0 un principe d\u2019organisation de l\u2019\u00c9tat. Pourtant, chaque jour, \u00e0 chaque \u00e9v\u00e8nement d\u2019actualit\u00e9 la questionnant, elle devient abstruse et de plus en plus br\u00fblante. Elle est tant\u00f4t bafou\u00e9e, tant\u00f4t adjectiv\u00e9e (ouverte, ferm\u00e9e, positive, n\u00e9gative, radicale, <em>etc.<\/em>), dogmatis\u00e9e, cultualis\u00e9e, politis\u00e9e, instrumentalis\u00e9e et multi-interpr\u00e9t\u00e9e. M\u00eame si chacun va de&nbsp;ce que la la\u00efcit\u00e9&nbsp;\u00ab&nbsp;est&nbsp;\u00bb, ce qu\u2019elle \u00ab&nbsp;n\u2019est pas&nbsp;\u00bb, ce qu\u2019elle \u00ab&nbsp;n\u2019est plus&nbsp;\u00bb, ce qu\u2019elle \u00ab&nbsp;pourra, pourrait, devra ou devrait \u00eatre&nbsp;\u00bb, la d\u00e9finition que je trouve la plus appropri\u00e9e et la plus simple de la la\u00efcit\u00e9 est&nbsp;: <\/p>\n\n\n\n<blockquote class=\"wp-block-quote is-style-large is-layout-flow wp-block-quote-is-layout-flow\"><p>le socle de toutes libert\u00e9s et notamment de la libert\u00e9 de pens\u00e9e et d\u2019opinion \u2026 \u00ab&nbsp;<em>m\u00eame religieuse<\/em>&nbsp;\u00bb.<\/p><\/blockquote>\n","protected":false},"excerpt":{"rendered":"<p>Nous reproduisons ici, avec son autorisation, la r\u00e9ponse \u00e0 la question \u00ab\u00a0Qu&rsquo;est-ce que la la\u00efcit\u00e9 ?\u00a0\u00bb selon l&rsquo;un des membres du LAIC. Cette d\u00e9finition est subjective et personnelle ; propre \u00e0 son auteur. Elle n&rsquo;engage en rien le LAIC-La\u00efcit\u00e9(s). Juridiquement, la la\u00efcit\u00e9 est un principe assez limpide&nbsp;renvoyant \u00e0 un principe d\u2019organisation de l\u2019\u00c9tat. Pourtant, chaque &hellip; <\/p>\n<p class=\"link-more\"><a href=\"http:\/\/www.laicites.fr\/index.php\/2021\/04\/05\/laicite-lune-des-definitions-de-nos-membres-2\/\" class=\"more-link\">Read More<span class=\"screen-reader-text\"> \u00ab\u00a0La\u00efcit\u00e9 ? L&rsquo;une des d\u00e9finitions de nos membres\u00a0\u00bb<\/span><\/a><\/p>\n","protected":false},"author":2,"featured_media":505,"comment_status":"open","ping_status":"open","sticky":false,"template":"","format":"standard","meta":{"footnotes":""},"categories":[37,1],"tags":[],"class_list":["post-500","post","type-post","status-publish","format-standard","has-post-thumbnail","hentry","category-definitions","category-en-avant"],"_links":{"self":[{"href":"http:\/\/www.laicites.fr\/index.php\/wp-json\/wp\/v2\/posts\/500","targetHints":{"allow":["GET"]}}],"collection":[{"href":"http:\/\/www.laicites.fr\/index.php\/wp-json\/wp\/v2\/posts"}],"about":[{"href":"http:\/\/www.laicites.fr\/index.php\/wp-json\/wp\/v2\/types\/post"}],"author":[{"embeddable":true,"href":"http:\/\/www.laicites.fr\/index.php\/wp-json\/wp\/v2\/users\/2"}],"replies":[{"embeddable":true,"href":"http:\/\/www.laicites.fr\/index.php\/wp-json\/wp\/v2\/comments?post=500"}],"version-history":[{"count":3,"href":"http:\/\/www.laicites.fr\/index.php\/wp-json\/wp\/v2\/posts\/500\/revisions"}],"predecessor-version":[{"id":507,"href":"http:\/\/www.laicites.fr\/index.php\/wp-json\/wp\/v2\/posts\/500\/revisions\/507"}],"wp:featuredmedia":[{"embeddable":true,"href":"http:\/\/www.laicites.fr\/index.php\/wp-json\/wp\/v2\/media\/505"}],"wp:attachment":[{"href":"http:\/\/www.laicites.fr\/index.php\/wp-json\/wp\/v2\/media?parent=500"}],"wp:term":[{"taxonomy":"category","embeddable":true,"href":"http:\/\/www.laicites.fr\/index.php\/wp-json\/wp\/v2\/categories?post=500"},{"taxonomy":"post_tag","embeddable":true,"href":"http:\/\/www.laicites.fr\/index.php\/wp-json\/wp\/v2\/tags?post=500"}],"curies":[{"name":"wp","href":"https:\/\/api.w.org\/{rel}","templated":true}]}}