{"id":110,"date":"2021-02-24T20:43:00","date_gmt":"2021-02-24T19:43:00","guid":{"rendered":"http:\/\/www.laicites.fr\/?p=110"},"modified":"2021-04-28T15:44:03","modified_gmt":"2021-04-28T13:44:03","slug":"le-lancement-du-laic-09-12-2020","status":"publish","type":"post","link":"http:\/\/www.laicites.fr\/index.php\/2021\/02\/24\/le-lancement-du-laic-09-12-2020\/","title":{"rendered":"Le lancement du \u00ab\u00a0LAIC\u00a0\u00bb (09 12 2020)"},"content":{"rendered":"\n<p>A l&rsquo;initiative des drs. Benelbaz &amp; Touzeil-Divina, le LAIC-La\u00efcit\u00e9(s) a \u00e9t\u00e9 lanc\u00e9 le 09 d\u00e9cembre 2020 \u00e0 la suite d&rsquo;un s\u00e9minaire en ligne :  <\/p>\n\n\n\n<div class=\"wp-block-image\"><figure class=\"aligncenter size-large is-resized\"><img loading=\"lazy\" decoding=\"async\" src=\"http:\/\/www.laicites.fr\/wp-content\/uploads\/2021\/04\/ITAL-WEB01.jpg\" alt=\"\" class=\"wp-image-273\" width=\"745\" height=\"484\" srcset=\"http:\/\/www.laicites.fr\/wp-content\/uploads\/2021\/04\/ITAL-WEB01.jpg 1024w, http:\/\/www.laicites.fr\/wp-content\/uploads\/2021\/04\/ITAL-WEB01-300x195.jpg 300w, http:\/\/www.laicites.fr\/wp-content\/uploads\/2021\/04\/ITAL-WEB01-768x500.jpg 768w, http:\/\/www.laicites.fr\/wp-content\/uploads\/2021\/04\/ITAL-WEB01-92x60.jpg 92w\" sizes=\"auto, (max-width: 745px) 100vw, 745px\" \/><figcaption>Participants connect\u00e9s au 1er s\u00e9minaire en ligne de lancement du LAIC-La\u00efcit\u00e9(s) &#8211; 09 12 2020<\/figcaption><\/figure><\/div>\n\n\n\n<figure class=\"wp-block-pullquote\" style=\"border-color:#cf2e2e\"><blockquote><p><strong>115 ans<br><\/strong>de la Loi de s\u00e9paration <br>des Eglises &amp; de l\u2019Etat<br>du 09 d\u00e9cembre 1905&nbsp;:<strong><br><em>et demain&nbsp;?<\/em><\/strong><\/p><\/blockquote><\/figure>\n\n\n\n<p class=\"has-text-align-center\">(<em>petit<\/em>) <strong>s\u00e9minaire<\/strong> en ligne \u2013 <strong>09 d\u00e9cembre 2020<\/strong> \u2013 17h30<br>sur inscription&nbsp;: <a href=\"mailto:LAIC.laicites@gmail.com\">LAIC.laicites@gmail.com<\/a><\/p>\n\n\n\n<div class=\"wp-block-image\"><figure class=\"aligncenter size-large\"><img decoding=\"async\" src=\"http:\/\/www.journal-du-droit-administratif.fr\/wp-content\/uploads\/2020\/11\/115-1.jpg\" alt=\"\" class=\"wp-image-3491\"\/><\/figure><\/div>\n\n\n\n<p class=\"has-text-align-center\">s\u00e9minaire en ligne coordonn\u00e9 par<br>MM. Cl\u00e9ment <strong>Benelbaz<\/strong> (Universit\u00e9 de Savoie-Mont-Blanc)<br>&amp; Mathieu <strong>Touzeil-Divina<\/strong> (Universit\u00e9 Toulouse 1 Capitole)<\/p>\n\n\n\n<p class=\"has-text-align-center has-vivid-red-color has-text-color\" style=\"font-size:23px\"><strong><em>Au programme&nbsp;:<\/em><\/strong><\/p>\n\n\n\n<ul class=\"wp-block-list\"><li><em>Bon anniversaire<\/em> la Loi&nbsp;!<\/li><li>Contexte(s) normatif &amp; doctrinal<\/li><li>Cr\u00e9ation d\u2019une <strong>chronique<\/strong> <strong>mensuelle<\/strong> au <em><a href=\"http:\/\/www.journal-du-droit-administratif.fr\/\">Journal du Droit Administratif<\/a><\/em><br>(avec appel \u00e0 participation(s))<\/li><li>Constitution et mise en ligne progressive sur un site d\u00e9di\u00e9<br>d\u2019un <strong><em>cat\u00e9chisme<\/em> doctrinal<\/strong> <br>&amp; d\u2019un <strong><em>reliquaire<\/em> normatif<\/strong> la\u00efques<\/li><li>Naissance (&amp; appel \u00e0 rejoindre) un nouveau <strong>groupe<\/strong> <strong>de<\/strong> <strong>travail<\/strong>&nbsp;:<\/li><\/ul>\n\n\n\n<h4 class=\"has-text-align-center wp-block-heading\">le <strong>L<\/strong>aboratoire d\u2019<strong>A<\/strong>nalyse(s) <br><strong>I<\/strong>nd\u00e9pendant sur les <strong>C<\/strong>ultes \u2013 <strong>La\u00efcit\u00e9(s)<\/strong><\/h4>\n\n\n\n<h4 class=\"has-text-align-center has-vivid-red-color has-text-color wp-block-heading\"><strong>Conf\u00e9rences courtes sur l\u2019actualit\u00e9<br>de l\u2019article 28 de la Loi du 09 d\u00e9cembre 1905<br>suivies d\u2019\u00e9changes &amp; de d\u00e9bats&nbsp;: <\/strong><\/h4>\n\n\n\n<ul class=\"wp-block-list\"><li><strong>Cr\u00e8che<\/strong>(s) (de la nativit\u00e9) &amp; art. 28 de la Loi du 09 XII 1905<\/li><li><strong>Relique<\/strong>(s) &amp; art. 28 de la Loi du 09 XII 1905<\/li><li><strong>Statue<\/strong>(s) &amp; art. 28 de la Loi du 09 XII 1905<\/li><\/ul>\n\n\n\n<div class=\"wp-block-image\"><figure class=\"aligncenter size-large\"><img decoding=\"async\" src=\"http:\/\/www.journal-du-droit-administratif.fr\/wp-content\/uploads\/2020\/11\/115-2.jpg\" alt=\"\" class=\"wp-image-3492\"\/><\/figure><\/div>\n\n\n\n<p class=\"has-text-align-center\">S\u00e9minaire organis\u00e9 avec les soutiens suivants&nbsp;:<\/p>\n\n\n\n<div class=\"wp-block-image\"><figure class=\"aligncenter size-large\"><img decoding=\"async\" src=\"http:\/\/www.journal-du-droit-administratif.fr\/wp-content\/uploads\/2019\/08\/image.png\" alt=\"\" class=\"wp-image-2742\"\/><\/figure><\/div>\n\n\n\n<div class=\"wp-block-image\"><figure class=\"aligncenter size-large\"><img decoding=\"async\" src=\"http:\/\/www.journal-du-droit-administratif.fr\/wp-content\/uploads\/2020\/11\/Clud.jpg\" alt=\"\" class=\"wp-image-3490\"\/><\/figure><\/div>\n\n\n\n<div class=\"wp-block-image\"><figure class=\"aligncenter size-large\"><img decoding=\"async\" src=\"http:\/\/www.journal-du-droit-administratif.fr\/wp-content\/uploads\/2020\/11\/115-3.jpg\" alt=\"\" class=\"wp-image-3493\"\/><\/figure><\/div>\n","protected":false},"excerpt":{"rendered":"<p>A l&rsquo;initiative des drs. Benelbaz &amp; Touzeil-Divina, le LAIC-La\u00efcit\u00e9(s) a \u00e9t\u00e9 lanc\u00e9 le 09 d\u00e9cembre 2020 \u00e0 la suite d&rsquo;un s\u00e9minaire en ligne : 115 ansde la Loi de s\u00e9paration des Eglises &amp; de l\u2019Etatdu 09 d\u00e9cembre 1905&nbsp;:et demain&nbsp;? (petit) s\u00e9minaire en ligne \u2013 09 d\u00e9cembre 2020 \u2013 17h30sur inscription&nbsp;: LAIC.laicites@gmail.com s\u00e9minaire en ligne coordonn\u00e9 &hellip; <\/p>\n<p class=\"link-more\"><a href=\"http:\/\/www.laicites.fr\/index.php\/2021\/02\/24\/le-lancement-du-laic-09-12-2020\/\" class=\"more-link\">Read More<span class=\"screen-reader-text\"> \u00ab\u00a0Le lancement du \u00ab\u00a0LAIC\u00a0\u00bb (09 12 2020)\u00a0\u00bb<\/span><\/a><\/p>\n","protected":false},"author":2,"featured_media":265,"comment_status":"open","ping_status":"open","sticky":false,"template":"","format":"standard","meta":{"footnotes":""},"categories":[1],"tags":[],"class_list":["post-110","post","type-post","status-publish","format-standard","has-post-thumbnail","hentry","category-en-avant"],"_links":{"self":[{"href":"http:\/\/www.laicites.fr\/index.php\/wp-json\/wp\/v2\/posts\/110","targetHints":{"allow":["GET"]}}],"collection":[{"href":"http:\/\/www.laicites.fr\/index.php\/wp-json\/wp\/v2\/posts"}],"about":[{"href":"http:\/\/www.laicites.fr\/index.php\/wp-json\/wp\/v2\/types\/post"}],"author":[{"embeddable":true,"href":"http:\/\/www.laicites.fr\/index.php\/wp-json\/wp\/v2\/users\/2"}],"replies":[{"embeddable":true,"href":"http:\/\/www.laicites.fr\/index.php\/wp-json\/wp\/v2\/comments?post=110"}],"version-history":[{"count":6,"href":"http:\/\/www.laicites.fr\/index.php\/wp-json\/wp\/v2\/posts\/110\/revisions"}],"predecessor-version":[{"id":313,"href":"http:\/\/www.laicites.fr\/index.php\/wp-json\/wp\/v2\/posts\/110\/revisions\/313"}],"wp:featuredmedia":[{"embeddable":true,"href":"http:\/\/www.laicites.fr\/index.php\/wp-json\/wp\/v2\/media\/265"}],"wp:attachment":[{"href":"http:\/\/www.laicites.fr\/index.php\/wp-json\/wp\/v2\/media?parent=110"}],"wp:term":[{"taxonomy":"category","embeddable":true,"href":"http:\/\/www.laicites.fr\/index.php\/wp-json\/wp\/v2\/categories?post=110"},{"taxonomy":"post_tag","embeddable":true,"href":"http:\/\/www.laicites.fr\/index.php\/wp-json\/wp\/v2\/tags?post=110"}],"curies":[{"name":"wp","href":"https:\/\/api.w.org\/{rel}","templated":true}]}}